{"id":15923,"date":"2016-05-25T13:17:00","date_gmt":"2016-05-25T11:17:00","guid":{"rendered":"http:\/\/www.serranofont.com\/?p=15923"},"modified":"2017-04-05T09:10:01","modified_gmt":"2017-04-05T07:10:01","slug":"mesa-redonda-planeamiento-urbano","status":"publish","type":"post","link":"https:\/\/www.serranofont.com\/es\/mesa-redonda-planeamiento-urbano\/","title":{"rendered":"Mesa redonda \u2018Planeamiento urbano: Modelo de ciudad\u2019"},"content":{"rendered":"<p style=\"text-align: justify;\">Juan Antonio Serrano particip\u00f3 el pasado 25 de mayo de 2016 como moderador y ponente en\u00a0\u00a0la mesa redonda \u2018Planeamiento urbano: Modelo de ciudad\u2019 junto con el economista, urbanista y presidente de la Asociaci\u00f3n de Estudios Urban\u00edsticos y Territoriales, Vicente Segu\u00ed; el doctor en arquitectura y profesor de la Universidad de Granada Jos\u00e9 Mar\u00eda Romero y el arquitecto Jos\u00e9 Ignacio Dom\u00ednguez.<\/p>\n\n\t\t<style type=\"text\/css\">\n\t\t\t#gallery-1 {\n\t\t\t\tmargin: auto;\n\t\t\t}\n\t\t\t#gallery-1 .gallery-item {\n\t\t\t\tfloat: left;\n\t\t\t\tmargin-top: 10px;\n\t\t\t\ttext-align: center;\n\t\t\t\twidth: 33%;\n\t\t\t}\n\t\t\t#gallery-1 img {\n\t\t\t\tborder: 2px solid #cfcfcf;\n\t\t\t}\n\t\t\t#gallery-1 .gallery-caption {\n\t\t\t\tmargin-left: 0;\n\t\t\t}\n\t\t\t\/* see gallery_shortcode() in wp-includes\/media.php *\/\n\t\t<\/style>\n\t\t<div id='gallery-1' class='gallery galleryid-15923 gallery-columns-3 gallery-size-thumbnail'><dl class='gallery-item'>\n\t\t\t<dt class='gallery-icon landscape'>\n\t\t\t\t<a href='https:\/\/www.serranofont.com\/es\/mesa-redonda-planeamiento-urbano\/mesa-redonda-gilismo0161b-ok\/'><img width=\"150\" height=\"150\" src=\"https:\/\/www.serranofont.com\/wp-content\/uploads\/2016\/11\/Mesa-redonda-Gilismo0161b-ok-150x150.jpg\" class=\"attachment-thumbnail size-thumbnail\" alt=\"\" decoding=\"async\" loading=\"lazy\" \/><\/a>\n\t\t\t<\/dt><\/dl><dl class='gallery-item'>\n\t\t\t<dt class='gallery-icon landscape'>\n\t\t\t\t<a href='https:\/\/www.serranofont.com\/es\/mesa-redonda-planeamiento-urbano\/mesa-redonda-gilismo0155-ok\/'><img width=\"150\" height=\"150\" src=\"https:\/\/www.serranofont.com\/wp-content\/uploads\/2016\/11\/Mesa-redonda-Gilismo0155-ok-150x150.jpg\" class=\"attachment-thumbnail size-thumbnail\" alt=\"\" decoding=\"async\" loading=\"lazy\" \/><\/a>\n\t\t\t<\/dt><\/dl><dl class='gallery-item'>\n\t\t\t<dt class='gallery-icon landscape'>\n\t\t\t\t<a href='https:\/\/www.serranofont.com\/es\/mesa-redonda-planeamiento-urbano\/mesa-redonda-gilismo0153b-ok\/'><img width=\"150\" height=\"150\" src=\"https:\/\/www.serranofont.com\/wp-content\/uploads\/2016\/11\/Mesa-redonda-Gilismo0153b-ok-150x150.jpg\" class=\"attachment-thumbnail size-thumbnail\" alt=\"\" decoding=\"async\" loading=\"lazy\" \/><\/a>\n\t\t\t<\/dt><\/dl><br style=\"clear: both\" \/><dl class='gallery-item'>\n\t\t\t<dt class='gallery-icon landscape'>\n\t\t\t\t<a href='https:\/\/www.serranofont.com\/es\/mesa-redonda-planeamiento-urbano\/mesa-redonda-gilismo0147-ok\/'><img width=\"150\" height=\"150\" src=\"https:\/\/www.serranofont.com\/wp-content\/uploads\/2016\/11\/Mesa-redonda-Gilismo0147-ok-150x150.jpg\" class=\"attachment-thumbnail size-thumbnail\" alt=\"\" decoding=\"async\" loading=\"lazy\" \/><\/a>\n\t\t\t<\/dt><\/dl><dl class='gallery-item'>\n\t\t\t<dt class='gallery-icon landscape'>\n\t\t\t\t<a href='https:\/\/www.serranofont.com\/es\/mesa-redonda-planeamiento-urbano\/mesa-redonda-gilismo0138b-ok\/'><img width=\"150\" height=\"150\" src=\"https:\/\/www.serranofont.com\/wp-content\/uploads\/2016\/11\/Mesa-redonda-Gilismo0138b-ok-150x150.jpg\" class=\"attachment-thumbnail size-thumbnail\" alt=\"\" decoding=\"async\" loading=\"lazy\" \/><\/a>\n\t\t\t<\/dt><\/dl>\n\t\t\t<br style='clear: both' \/>\n\t\t<\/div>\n\n","protected":false},"excerpt":{"rendered":"<p>Juan Antonio Serrano particip\u00f3 el pasado 25 de mayo de 2016 como moderador y ponente en\u00a0\u00a0la mesa redonda \u2018Planeamiento urbano: Modelo de ciudad\u2019 junto con el economista, urbanista y presidente de la Asociaci\u00f3n de Estudios Urban\u00edsticos y Territoriales, Vicente Segu\u00ed; el doctor en arquitectura y&#8230;<\/p>\n","protected":false},"author":1,"featured_media":0,"comment_status":"open","ping_status":"open","sticky":false,"template":"","format":"gallery","meta":[],"categories":[130],"tags":[],"yoast_head":"<!-- This site is optimized with the Yoast SEO plugin v20.4 - https:\/\/yoast.com\/wordpress\/plugins\/seo\/ -->\n<title>Serrano Font | Mesa redonda \u2018Planeamiento urbano: Modelo de ciudad\u2019<\/title>\n<meta name=\"description\" content=\"Juan Antonio Serrano particip\u00f3 el pasado 25 de mayo de 2016 como moderador y ponente en la mesa redonda \u2018Planeamiento urbano: Modelo de ciudad\u2019\" \/>\n<meta name=\"robots\" content=\"index, follow, max-snippet:-1, max-image-preview:large, max-video-preview:-1\" \/>\n<link rel=\"canonical\" href=\"https:\/\/www.serranofont.com\/es\/round-table-urban-planning\/\" \/>\n<meta property=\"og:locale\" content=\"es_ES\" \/>\n<meta property=\"og:type\" content=\"article\" \/>\n<meta property=\"og:title\" content=\"Serrano Font | Mesa redonda \u2018Planeamiento urbano: Modelo de ciudad\u2019\" \/>\n<meta property=\"og:description\" content=\"Juan Antonio Serrano particip\u00f3 el pasado 25 de mayo de 2016 como moderador y ponente en la mesa redonda \u2018Planeamiento urbano: Modelo de ciudad\u2019\" \/>\n<meta property=\"og:url\" content=\"https:\/\/www.serranofont.com\/round-table-urban-planning\/\" \/>\n<meta property=\"og:site_name\" content=\"Serrano Font\" \/>\n<meta property=\"article:publisher\" content=\"https:\/\/www.facebook.com\/serranofont\/\" \/>\n<meta property=\"article:published_time\" content=\"2016-05-25T11:17:00+00:00\" \/>\n<meta property=\"article:modified_time\" content=\"2017-04-05T07:10:01+00:00\" \/>\n<meta property=\"og:image\" content=\"https:\/\/www.serranofont.com\/wp-content\/uploads\/2016\/11\/Mesa-redonda-Gilismo0161b-ok-150x150.jpg\" \/>\n<meta name=\"author\" content=\"SerranoFont\" \/>\n<meta name=\"twitter:card\" content=\"summary_large_image\" \/>\n<meta name=\"twitter:label1\" content=\"Escrito por\" \/>\n\t<meta name=\"twitter:data1\" content=\"SerranoFont\" \/>\n<script type=\"application\/ld+json\" class=\"yoast-schema-graph\">{\"@context\":\"https:\/\/schema.org\",\"@graph\":[{\"@type\":\"Article\",\"@id\":\"https:\/\/www.serranofont.com\/round-table-urban-planning\/#article\",\"isPartOf\":{\"@id\":\"https:\/\/www.serranofont.com\/round-table-urban-planning\/\"},\"author\":{\"name\":\"SerranoFont\",\"@id\":\"https:\/\/www.serranofont.com\/#\/schema\/person\/6895d5a727fcfe07d15cf3edab069025\"},\"headline\":\"Mesa redonda \u2018Planeamiento urbano: Modelo de ciudad\u2019\",\"datePublished\":\"2016-05-25T11:17:00+00:00\",\"dateModified\":\"2017-04-05T07:10:01+00:00\",\"mainEntityOfPage\":{\"@id\":\"https:\/\/www.serranofont.com\/round-table-urban-planning\/\"},\"wordCount\":72,\"commentCount\":0,\"publisher\":{\"@id\":\"https:\/\/www.serranofont.com\/#organization\"},\"articleSection\":[\"Prensa\"],\"inLanguage\":\"es\",\"potentialAction\":[{\"@type\":\"CommentAction\",\"name\":\"Comment\",\"target\":[\"https:\/\/www.serranofont.com\/round-table-urban-planning\/#respond\"]}]},{\"@type\":\"WebPage\",\"@id\":\"https:\/\/www.serranofont.com\/round-table-urban-planning\/\",\"url\":\"https:\/\/www.serranofont.com\/round-table-urban-planning\/\",\"name\":\"Serrano Font | Mesa redonda \u2018Planeamiento urbano: Modelo de ciudad\u2019\",\"isPartOf\":{\"@id\":\"https:\/\/www.serranofont.com\/#website\"},\"datePublished\":\"2016-05-25T11:17:00+00:00\",\"dateModified\":\"2017-04-05T07:10:01+00:00\",\"description\":\"Juan Antonio Serrano particip\u00f3 el pasado 25 de mayo de 2016 como moderador y ponente en la mesa redonda \u2018Planeamiento urbano: Modelo de ciudad\u2019\",\"breadcrumb\":{\"@id\":\"https:\/\/www.serranofont.com\/round-table-urban-planning\/#breadcrumb\"},\"inLanguage\":\"es\",\"potentialAction\":[{\"@type\":\"ReadAction\",\"target\":[\"https:\/\/www.serranofont.com\/round-table-urban-planning\/\"]}]},{\"@type\":\"BreadcrumbList\",\"@id\":\"https:\/\/www.serranofont.com\/round-table-urban-planning\/#breadcrumb\",\"itemListElement\":[{\"@type\":\"ListItem\",\"position\":1,\"name\":\"Portada\",\"item\":\"https:\/\/www.serranofont.com\/es\/\"},{\"@type\":\"ListItem\",\"position\":2,\"name\":\"Mesa redonda \u2018Planeamiento urbano: Modelo de ciudad\u2019\"}]},{\"@type\":\"WebSite\",\"@id\":\"https:\/\/www.serranofont.com\/#website\",\"url\":\"https:\/\/www.serranofont.com\/\",\"name\":\"Serrano Font\",\"description\":\"Arquitectura que inspira\",\"publisher\":{\"@id\":\"https:\/\/www.serranofont.com\/#organization\"},\"potentialAction\":[{\"@type\":\"SearchAction\",\"target\":{\"@type\":\"EntryPoint\",\"urlTemplate\":\"https:\/\/www.serranofont.com\/?s={search_term_string}\"},\"query-input\":\"required name=search_term_string\"}],\"inLanguage\":\"es\"},{\"@type\":\"Organization\",\"@id\":\"https:\/\/www.serranofont.com\/#organization\",\"name\":\"Serrano Font\",\"url\":\"https:\/\/www.serranofont.com\/\",\"logo\":{\"@type\":\"ImageObject\",\"inLanguage\":\"es\",\"@id\":\"https:\/\/www.serranofont.com\/#\/schema\/logo\/image\/\",\"url\":\"https:\/\/www.serranofont.com\/wp-content\/uploads\/2016\/09\/SerranoFontLogo1.png\",\"contentUrl\":\"https:\/\/www.serranofont.com\/wp-content\/uploads\/2016\/09\/SerranoFontLogo1.png\",\"width\":152,\"height\":41,\"caption\":\"Serrano Font\"},\"image\":{\"@id\":\"https:\/\/www.serranofont.com\/#\/schema\/logo\/image\/\"},\"sameAs\":[\"https:\/\/www.facebook.com\/serranofont\/\",\"https:\/\/es.pinterest.com\/serrano_font\/\",\"https:\/\/www.youtube.com\/channel\/UCeghSrmhInp7QImBlJH1bfw\"]},{\"@type\":\"Person\",\"@id\":\"https:\/\/www.serranofont.com\/#\/schema\/person\/6895d5a727fcfe07d15cf3edab069025\",\"name\":\"SerranoFont\",\"image\":{\"@type\":\"ImageObject\",\"inLanguage\":\"es\",\"@id\":\"https:\/\/www.serranofont.com\/#\/schema\/person\/image\/\",\"url\":\"https:\/\/secure.gravatar.com\/avatar\/3833274407728eda7671eee00e1096ab?s=96&d=mm&r=g\",\"contentUrl\":\"https:\/\/secure.gravatar.com\/avatar\/3833274407728eda7671eee00e1096ab?s=96&d=mm&r=g\",\"caption\":\"SerranoFont\"},\"url\":\"https:\/\/www.serranofont.com\/es\/author\/serranofont\/\"}]}<\/script>\n<!-- \/ Yoast SEO plugin. -->","yoast_head_json":{"title":"Serrano Font | Mesa redonda \u2018Planeamiento urbano: Modelo de ciudad\u2019","description":"Juan Antonio Serrano particip\u00f3 el pasado 25 de mayo de 2016 como moderador y ponente en la mesa redonda \u2018Planeamiento urbano: Modelo de ciudad\u2019","robots":{"index":"index","follow":"follow","max-snippet":"max-snippet:-1","max-image-preview":"max-image-preview:large","max-video-preview":"max-video-preview:-1"},"canonical":"https:\/\/www.serranofont.com\/es\/round-table-urban-planning\/","og_locale":"es_ES","og_type":"article","og_title":"Serrano Font | Mesa redonda \u2018Planeamiento urbano: Modelo de ciudad\u2019","og_description":"Juan Antonio Serrano particip\u00f3 el pasado 25 de mayo de 2016 como moderador y ponente en la mesa redonda \u2018Planeamiento urbano: Modelo de ciudad\u2019","og_url":"https:\/\/www.serranofont.com\/round-table-urban-planning\/","og_site_name":"Serrano Font","article_publisher":"https:\/\/www.facebook.com\/serranofont\/","article_published_time":"2016-05-25T11:17:00+00:00","article_modified_time":"2017-04-05T07:10:01+00:00","og_image":[{"url":"https:\/\/www.serranofont.com\/wp-content\/uploads\/2016\/11\/Mesa-redonda-Gilismo0161b-ok-150x150.jpg"}],"author":"SerranoFont","twitter_card":"summary_large_image","twitter_misc":{"Escrito por":"SerranoFont"},"schema":{"@context":"https:\/\/schema.org","@graph":[{"@type":"Article","@id":"https:\/\/www.serranofont.com\/round-table-urban-planning\/#article","isPartOf":{"@id":"https:\/\/www.serranofont.com\/round-table-urban-planning\/"},"author":{"name":"SerranoFont","@id":"https:\/\/www.serranofont.com\/#\/schema\/person\/6895d5a727fcfe07d15cf3edab069025"},"headline":"Mesa redonda \u2018Planeamiento urbano: Modelo de ciudad\u2019","datePublished":"2016-05-25T11:17:00+00:00","dateModified":"2017-04-05T07:10:01+00:00","mainEntityOfPage":{"@id":"https:\/\/www.serranofont.com\/round-table-urban-planning\/"},"wordCount":72,"commentCount":0,"publisher":{"@id":"https:\/\/www.serranofont.com\/#organization"},"articleSection":["Prensa"],"inLanguage":"es","potentialAction":[{"@type":"CommentAction","name":"Comment","target":["https:\/\/www.serranofont.com\/round-table-urban-planning\/#respond"]}]},{"@type":"WebPage","@id":"https:\/\/www.serranofont.com\/round-table-urban-planning\/","url":"https:\/\/www.serranofont.com\/round-table-urban-planning\/","name":"Serrano Font | Mesa redonda \u2018Planeamiento urbano: Modelo de ciudad\u2019","isPartOf":{"@id":"https:\/\/www.serranofont.com\/#website"},"datePublished":"2016-05-25T11:17:00+00:00","dateModified":"2017-04-05T07:10:01+00:00","description":"Juan Antonio Serrano particip\u00f3 el pasado 25 de mayo de 2016 como moderador y ponente en la mesa redonda \u2018Planeamiento urbano: Modelo de ciudad\u2019","breadcrumb":{"@id":"https:\/\/www.serranofont.com\/round-table-urban-planning\/#breadcrumb"},"inLanguage":"es","potentialAction":[{"@type":"ReadAction","target":["https:\/\/www.serranofont.com\/round-table-urban-planning\/"]}]},{"@type":"BreadcrumbList","@id":"https:\/\/www.serranofont.com\/round-table-urban-planning\/#breadcrumb","itemListElement":[{"@type":"ListItem","position":1,"name":"Portada","item":"https:\/\/www.serranofont.com\/es\/"},{"@type":"ListItem","position":2,"name":"Mesa redonda \u2018Planeamiento urbano: Modelo de ciudad\u2019"}]},{"@type":"WebSite","@id":"https:\/\/www.serranofont.com\/#website","url":"https:\/\/www.serranofont.com\/","name":"Serrano Font","description":"Arquitectura que inspira","publisher":{"@id":"https:\/\/www.serranofont.com\/#organization"},"potentialAction":[{"@type":"SearchAction","target":{"@type":"EntryPoint","urlTemplate":"https:\/\/www.serranofont.com\/?s={search_term_string}"},"query-input":"required name=search_term_string"}],"inLanguage":"es"},{"@type":"Organization","@id":"https:\/\/www.serranofont.com\/#organization","name":"Serrano Font","url":"https:\/\/www.serranofont.com\/","logo":{"@type":"ImageObject","inLanguage":"es","@id":"https:\/\/www.serranofont.com\/#\/schema\/logo\/image\/","url":"https:\/\/www.serranofont.com\/wp-content\/uploads\/2016\/09\/SerranoFontLogo1.png","contentUrl":"https:\/\/www.serranofont.com\/wp-content\/uploads\/2016\/09\/SerranoFontLogo1.png","width":152,"height":41,"caption":"Serrano Font"},"image":{"@id":"https:\/\/www.serranofont.com\/#\/schema\/logo\/image\/"},"sameAs":["https:\/\/www.facebook.com\/serranofont\/","https:\/\/es.pinterest.com\/serrano_font\/","https:\/\/www.youtube.com\/channel\/UCeghSrmhInp7QImBlJH1bfw"]},{"@type":"Person","@id":"https:\/\/www.serranofont.com\/#\/schema\/person\/6895d5a727fcfe07d15cf3edab069025","name":"SerranoFont","image":{"@type":"ImageObject","inLanguage":"es","@id":"https:\/\/www.serranofont.com\/#\/schema\/person\/image\/","url":"https:\/\/secure.gravatar.com\/avatar\/3833274407728eda7671eee00e1096ab?s=96&d=mm&r=g","contentUrl":"https:\/\/secure.gravatar.com\/avatar\/3833274407728eda7671eee00e1096ab?s=96&d=mm&r=g","caption":"SerranoFont"},"url":"https:\/\/www.serranofont.com\/es\/author\/serranofont\/"}]}},"amp_enabled":true,"_links":{"self":[{"href":"https:\/\/www.serranofont.com\/es\/wp-json\/wp\/v2\/posts\/15923\/"}],"collection":[{"href":"https:\/\/www.serranofont.com\/es\/wp-json\/wp\/v2\/posts\/"}],"about":[{"href":"https:\/\/www.serranofont.com\/es\/wp-json\/wp\/v2\/types\/post\/"}],"author":[{"embeddable":true,"href":"https:\/\/www.serranofont.com\/es\/wp-json\/wp\/v2\/users\/1\/"}],"replies":[{"embeddable":true,"href":"https:\/\/www.serranofont.com\/es\/wp-json\/wp\/v2\/comments\/?post=15923"}],"version-history":[{"count":8,"href":"https:\/\/www.serranofont.com\/es\/wp-json\/wp\/v2\/posts\/15923\/revisions\/"}],"predecessor-version":[{"id":16576,"href":"https:\/\/www.serranofont.com\/es\/wp-json\/wp\/v2\/posts\/15923\/revisions\/16576\/"}],"wp:attachment":[{"href":"https:\/\/www.serranofont.com\/es\/wp-json\/wp\/v2\/media\/?parent=15923"}],"wp:term":[{"taxonomy":"category","embeddable":true,"href":"https:\/\/www.serranofont.com\/es\/wp-json\/wp\/v2\/categories\/?post=15923"},{"taxonomy":"post_tag","embeddable":true,"href":"https:\/\/www.serranofont.com\/es\/wp-json\/wp\/v2\/tags\/?post=15923"}],"curies":[{"name":"wp","href":"https:\/\/api.w.org\/{rel}","templated":true}]}}